{"id":524,"date":"2021-12-21T23:18:29","date_gmt":"2021-12-21T22:18:29","guid":{"rendered":"https:\/\/www.ccts.us.edu.pl\/?p=524"},"modified":"2021-12-21T23:39:47","modified_gmt":"2021-12-21T22:39:47","slug":"seminaire-panser-les-ecrans-et-les-esprits-ecologie-de-lattention-dans-le-milieu-numerique","status":"publish","type":"post","link":"https:\/\/www.ccts.us.edu.pl\/pl\/seminaire-panser-les-ecrans-et-les-esprits-ecologie-de-lattention-dans-le-milieu-numerique\/","title":{"rendered":"S\u00e9minaire. Panser les \u00e9crans et les esprits : \u2018\u00e9cologie de l\u2019attention\u2019 dans le milieu num\u00e9rique"},"content":{"rendered":"\n<p>\u00ab\u00a0Panser les \u00e9crans et les esprits\u00a0: \u2018\u00e9cologie de l\u2019attention\u2019 dans le milieu num\u00e9rique\u00a0\u00bb est le titre d&#8217;un s\u00e9minaire de recherche contributive organis\u00e9 par Universit\u00e9 Paris 8 Vincennes Saint-Denis (LLCP) et Universit\u00e9 de Sil\u00e9sie \u00e0 Katowice (CCTS), avec le soutien du Conseil National du Num\u00e9rique. <\/p>\n\n\n\n<p><a href=\"https:\/\/llcp.univ-paris8.fr\/?seminaire-panser-les-ecrans-et-les-esprits-ecologie-de-l-attention-dans-le-milieu-numerique-2022\">https:\/\/llcp.univ-paris8.fr\/?seminaire-panser-les-ecrans-et-les-esprits-ecologie-de-l-attention-dans-le-milieu-numerique-2022<\/a><\/p>\n\n\n\n<p>Le s\u00e9minaire est ouvert \u00e0 tout public. Les s\u00e9ances mensuelles se tiendront en ligne, de 18h \u00e0 20h. Dates\u00a0: 3 f\u00e9vrier, 3 mars, 7 avril, 5 mai, 2 juin, 7 juillet 2022.<\/p>\n","protected":false},"excerpt":{"rendered":"<p>\u00ab\u00a0Panser les \u00e9crans et les esprits\u00a0: \u2018\u00e9cologie de l\u2019attention\u2019 dans le milieu num\u00e9rique\u00a0\u00bb est le titre d&#8217;un s\u00e9minaire de recherche contributive organis\u00e9 par Universit\u00e9 Paris 8 Vincennes Saint-Denis (LLCP) et Universit\u00e9 de Sil\u00e9sie \u00e0 Katowice (CCTS), avec le soutien du Conseil National du Num\u00e9rique. https:\/\/llcp.univ-paris8.fr\/?seminaire-panser-les-ecrans-et-les-esprits-ecologie-de-l-attention-dans-le-milieu-numerique-2022 Le s\u00e9minaire est ouvert \u00e0 tout public. Les s\u00e9ances mensuelles&hellip; <a class=\"more-link\" href=\"https:\/\/www.ccts.us.edu.pl\/pl\/seminaire-panser-les-ecrans-et-les-esprits-ecologie-de-lattention-dans-le-milieu-numerique\/\">Czytaj dalej <span class=\"screen-reader-text\">S\u00e9minaire. Panser les \u00e9crans et les esprits : \u2018\u00e9cologie de l\u2019attention\u2019 dans le milieu num\u00e9rique<\/span><\/a><\/p>\n","protected":false},"author":1,"featured_media":0,"comment_status":"closed","ping_status":"closed","sticky":false,"template":"","format":"standard","meta":{"footnotes":""},"categories":[6],"tags":[],"class_list":["post-524","post","type-post","status-publish","format-standard","hentry","category-bez-kategorii","entry"],"_links":{"self":[{"href":"https:\/\/www.ccts.us.edu.pl\/pl\/wp-json\/wp\/v2\/posts\/524","targetHints":{"allow":["GET"]}}],"collection":[{"href":"https:\/\/www.ccts.us.edu.pl\/pl\/wp-json\/wp\/v2\/posts"}],"about":[{"href":"https:\/\/www.ccts.us.edu.pl\/pl\/wp-json\/wp\/v2\/types\/post"}],"author":[{"embeddable":true,"href":"https:\/\/www.ccts.us.edu.pl\/pl\/wp-json\/wp\/v2\/users\/1"}],"replies":[{"embeddable":true,"href":"https:\/\/www.ccts.us.edu.pl\/pl\/wp-json\/wp\/v2\/comments?post=524"}],"version-history":[{"count":3,"href":"https:\/\/www.ccts.us.edu.pl\/pl\/wp-json\/wp\/v2\/posts\/524\/revisions"}],"predecessor-version":[{"id":529,"href":"https:\/\/www.ccts.us.edu.pl\/pl\/wp-json\/wp\/v2\/posts\/524\/revisions\/529"}],"wp:attachment":[{"href":"https:\/\/www.ccts.us.edu.pl\/pl\/wp-json\/wp\/v2\/media?parent=524"}],"wp:term":[{"taxonomy":"category","embeddable":true,"href":"https:\/\/www.ccts.us.edu.pl\/pl\/wp-json\/wp\/v2\/categories?post=524"},{"taxonomy":"post_tag","embeddable":true,"href":"https:\/\/www.ccts.us.edu.pl\/pl\/wp-json\/wp\/v2\/tags?post=524"}],"curies":[{"name":"wp","href":"https:\/\/api.w.org\/{rel}","templated":true}]}}