{"id":547,"date":"2022-05-16T05:50:32","date_gmt":"2022-05-16T04:50:32","guid":{"rendered":"https:\/\/www.ccts.us.edu.pl\/?p=547"},"modified":"2022-05-16T06:55:03","modified_gmt":"2022-05-16T05:55:03","slug":"colloque-dhommage-a-la-pensee-de-bernard-stiegler-20-22-06-2022","status":"publish","type":"post","link":"https:\/\/www.ccts.us.edu.pl\/pl\/colloque-dhommage-a-la-pensee-de-bernard-stiegler-20-22-06-2022\/","title":{"rendered":"Colloque d\u2019hommage \u00e0 la pens\u00e9e de Bernard Stiegler 20-22.06.2022"},"content":{"rendered":"\n<p>De la philosophie \u00e0 l\u2019organologie, et au-del\u00e0&nbsp;? Penser le devenir des savoirs dans l\u2019exosomatisation num\u00e9rique. Colloque d\u2019hommage \u00e0 la pens\u00e9e de Bernard Stiegler 20-22.06.2022.<\/p>\n\n\n\n<p>Universit\u00e9 Paris 8 | Laboratoire d\u2019\u00e9tudes et de recherches sur les logiques contemporaines de la philosophie (LLCP)<br>Universit\u00e9 Paris Nanterre | Institut de Recherches Philosophiques (IRePh)<br>Universit\u00e9 de Sil\u00e9sie | Centre for Critical Technology Studies (CCTS)<\/p>\n\n\n\n<p>Organisation&nbsp;: Anne Alombert, Michal Krzykawski, Fran\u00e7ois-David Sebbah<br>Avec la participation et le soutien de&nbsp;: H\u00e9ctor G. Castano et Elise Lamy-Rested<\/p>\n\n\n\n<figure class=\"wp-block-image size-large\"><img loading=\"lazy\" decoding=\"async\" width=\"724\" height=\"1024\" src=\"https:\/\/www.ccts.us.edu.pl\/wp-content\/uploads\/2022\/05\/affiche_colloque_organologie-724x1024.jpg\" alt=\"\" class=\"wp-image-549\" srcset=\"https:\/\/www.ccts.us.edu.pl\/wp-content\/uploads\/2022\/05\/affiche_colloque_organologie-724x1024.jpg 724w, https:\/\/www.ccts.us.edu.pl\/wp-content\/uploads\/2022\/05\/affiche_colloque_organologie-212x300.jpg 212w, https:\/\/www.ccts.us.edu.pl\/wp-content\/uploads\/2022\/05\/affiche_colloque_organologie-768x1086.jpg 768w, https:\/\/www.ccts.us.edu.pl\/wp-content\/uploads\/2022\/05\/affiche_colloque_organologie-1086x1536.jpg 1086w, https:\/\/www.ccts.us.edu.pl\/wp-content\/uploads\/2022\/05\/affiche_colloque_organologie-1448x2048.jpg 1448w, https:\/\/www.ccts.us.edu.pl\/wp-content\/uploads\/2022\/05\/affiche_colloque_organologie-1568x2218.jpg 1568w, https:\/\/www.ccts.us.edu.pl\/wp-content\/uploads\/2022\/05\/affiche_colloque_organologie-scaled.jpg 1810w\" sizes=\"auto, (max-width: 724px) 100vw, 724px\" \/><\/figure>\n\n\n\n<p>En 1982, Fran\u00e7ois Ch\u00e2telet, Jacques Derrida, Jean-Pierre Faye et Dominique Lecourt pr\u00e9sentaient au ministre de la Recherche et de l\u2019Industrie un rapport pour la fondation d\u2019un Coll\u00e8ge International de Philosophie. Il s\u2019agissait alors de d\u00e9placer \u00ab&nbsp;le rapport entre la philosophie et les savoirs tel qu\u2019il s\u2019[\u00e9tait] fix\u00e9 dans le mod\u00e8le de l\u2019institution universitaire&nbsp;qui [dominait] en Occident depuis le d\u00e9but de l\u2019\u00e2ge industriel&nbsp;\u00bb, en faisant dialoguer les diff\u00e9rentes disciplines acad\u00e9miques dans une perspective \u00ab&nbsp;interscientifique&nbsp;\u00bb, sans abandonner pour autant les questionnements philosophiques et \u00e9pist\u00e9mologiques.<br>Trente ans plus tard, dans un livre intitul\u00e9&nbsp;<em>Etats de choc. B\u00eatises et savoirs au XXI\u00e8me si\u00e8cle<\/em>&nbsp;et publi\u00e9 en 2012, Bernard Stiegler reprend ce projet d\u2019\u00ab&nbsp;interscience&nbsp;\u00bb, qu\u2019il propose d\u2019articuler avec une perspective organologique. L\u2019 \u00ab&nbsp;organologie g\u00e9n\u00e9rale&nbsp;\u00bb propos\u00e9e par Stiegler d\u00e9signe alors une \u00ab&nbsp;nouvelle organisation des relations entre les disciplines&nbsp;\u00bb, fond\u00e9e sur une pens\u00e9e des relations entre organismes psychosomatiques, organes techniques et organisations sociales. Un nouveau projet transdisciplinaire voit ainsi le jour, qui assume \u00e0 la fois la constitutivit\u00e9 technique de l\u2019existence humaine et la condition artefactuelle des savoirs rationnels&nbsp;&#8211; deux questions devenues essentielles \u00e0 une \u00e9poque o\u00f9 domine l\u2019id\u00e9ologie transhumaniste et s\u2019annonce la \u00ab&nbsp;fin de la th\u00e9orie&nbsp;\u00bb.<br>Quarante ans apr\u00e8s le rapport pour la fondation du Coll\u00e8ge International de Philosophie, dix ans apr\u00e8s sa r\u00e9interpr\u00e9tation par Bernard Stiegler, dans un contexte pand\u00e9mique qui a mis les technologies num\u00e9riques au c\u0153ur du d\u00e9bat public, nous tenterons d\u2019interroger les enjeux philosophiques, \u00e9pist\u00e9mologiques et politiques du paradigme \u00ab&nbsp;organologique&nbsp;\u00bb, \u00e0 travers un colloque interscientifique. Nous ferons ainsi dialoguer la pens\u00e9e organologique avec diff\u00e9rents champs th\u00e9oriques (depuis la th\u00e9orie de la connaissance jusqu\u2019\u00e0 la th\u00e9orie politique, en passant par l\u2019esth\u00e9tique, la psychanalyse, la biologie ou la technologie), afin d\u2019explorer les deux questions suivantes&nbsp;:<br>. en quoi la prise en compte de l\u2019exosomatisation dans le&nbsp;\u00ab&nbsp;devenir humain&nbsp;\u00bb implique-elle de renouveler les th\u00e9ories philosophiques ou scientifiques contemporaines&nbsp;?<br>. en quoi les mutations technologiques actuelles affectent-elles la pratique des savoirs, la vie psychique des individus et la vie collective des soci\u00e9t\u00e9s&nbsp;?<\/p>\n\n\n\n<figure class=\"wp-block-image size-large\"><img loading=\"lazy\" decoding=\"async\" width=\"1024\" height=\"724\" src=\"https:\/\/www.ccts.us.edu.pl\/wp-content\/uploads\/2022\/05\/programme-colloque-organologie-2-1024x724.jpg\" alt=\"\" class=\"wp-image-552\" srcset=\"https:\/\/www.ccts.us.edu.pl\/wp-content\/uploads\/2022\/05\/programme-colloque-organologie-2-1024x724.jpg 1024w, https:\/\/www.ccts.us.edu.pl\/wp-content\/uploads\/2022\/05\/programme-colloque-organologie-2-300x212.jpg 300w, https:\/\/www.ccts.us.edu.pl\/wp-content\/uploads\/2022\/05\/programme-colloque-organologie-2-768x543.jpg 768w, https:\/\/www.ccts.us.edu.pl\/wp-content\/uploads\/2022\/05\/programme-colloque-organologie-2-1536x1086.jpg 1536w, https:\/\/www.ccts.us.edu.pl\/wp-content\/uploads\/2022\/05\/programme-colloque-organologie-2-2048x1448.jpg 2048w, https:\/\/www.ccts.us.edu.pl\/wp-content\/uploads\/2022\/05\/programme-colloque-organologie-2-1568x1109.jpg 1568w\" sizes=\"auto, (max-width: 1024px) 100vw, 1024px\" \/><\/figure>\n\n\n\n<p><strong>Liens de connexion pour suivre le colloque \u00e0 distance&nbsp;<\/strong>:<br>Lien de connexion pour la journ\u00e9e du 20 juin&nbsp;:<br><a href=\"https:\/\/univ-paris8.zoom.us\/j\/92098046011?pwd=a204dS9oUkRpYTVCclBWaVJHVnNPZz09\">https:\/\/univ-paris8.zoom.us\/j\/92098046011?pwd=a204dS9oUkRpYTVCclBWaVJHVnNPZz09<\/a><br>Lien de connexion pour la journ\u00e9e du 21 juin&nbsp;:<br><a href=\"https:\/\/univ-paris8.zoom.us\/j\/98549609523?pwd=UGpaZVRZaDduTkE3VEZUcHBQbjhmdz09\">https:\/\/univ-paris8.zoom.us\/j\/98549609523?pwd=UGpaZVRZaDduTkE3VEZUcHBQbjhmdz09<\/a><br>Lien de connexion pour la journ\u00e9e du 22 juin&nbsp;:<br><a href=\"https:\/\/univ-paris8.zoom.us\/j\/96447107851?pwd=L3dQdHlWRVFSZEF6QlZtWUl4eFo3dz09\">https:\/\/univ-paris8.zoom.us\/j\/96447107851?pwd=L3dQdHlWRVFSZEF6QlZtWUl4eFo3dz09<\/a><\/p>\n\n\n\n<p><strong>Contacts&nbsp;<\/strong>: <a href=\"mailto:anne.alombert@uni-paris8.fr\">anne.alombert@uni-paris8.fr<\/a>, <a href=\"mailto:michal.krzykawski@us.edu.pl\">michal.krzykawski@us.edu.pl<\/a><br><\/p>\n\n\n\n<p><strong>Pour plus d&#8217;information<\/strong> : <a href=\"https:\/\/llcp.univ-paris8.fr\/de-la-philosophie-a-l-organologie-et-au-dela-penser-le-devenir-des-savoirs-dans\">https:\/\/llcp.univ-paris8.fr\/de-la-philosophie-a-l-organologie-et-au-dela-penser-le-devenir-des-savoirs-dans<\/a><\/p>\n","protected":false},"excerpt":{"rendered":"<p>De la philosophie \u00e0 l\u2019organologie, et au-del\u00e0&nbsp;? Penser le devenir des savoirs dans l\u2019exosomatisation num\u00e9rique. Colloque d\u2019hommage \u00e0 la pens\u00e9e de Bernard Stiegler 20-22.06.2022. Universit\u00e9 Paris 8 | Laboratoire d\u2019\u00e9tudes et de recherches sur les logiques contemporaines de la philosophie (LLCP)Universit\u00e9 Paris Nanterre | Institut de Recherches Philosophiques (IRePh)Universit\u00e9 de Sil\u00e9sie | Centre for Critical&hellip; <a class=\"more-link\" href=\"https:\/\/www.ccts.us.edu.pl\/pl\/colloque-dhommage-a-la-pensee-de-bernard-stiegler-20-22-06-2022\/\">Czytaj dalej <span class=\"screen-reader-text\">Colloque d\u2019hommage \u00e0 la pens\u00e9e de Bernard Stiegler 20-22.06.2022<\/span><\/a><\/p>\n","protected":false},"author":1,"featured_media":0,"comment_status":"closed","ping_status":"closed","sticky":false,"template":"","format":"standard","meta":{"footnotes":""},"categories":[6],"tags":[],"class_list":["post-547","post","type-post","status-publish","format-standard","hentry","category-bez-kategorii","entry"],"_links":{"self":[{"href":"https:\/\/www.ccts.us.edu.pl\/pl\/wp-json\/wp\/v2\/posts\/547","targetHints":{"allow":["GET"]}}],"collection":[{"href":"https:\/\/www.ccts.us.edu.pl\/pl\/wp-json\/wp\/v2\/posts"}],"about":[{"href":"https:\/\/www.ccts.us.edu.pl\/pl\/wp-json\/wp\/v2\/types\/post"}],"author":[{"embeddable":true,"href":"https:\/\/www.ccts.us.edu.pl\/pl\/wp-json\/wp\/v2\/users\/1"}],"replies":[{"embeddable":true,"href":"https:\/\/www.ccts.us.edu.pl\/pl\/wp-json\/wp\/v2\/comments?post=547"}],"version-history":[{"count":3,"href":"https:\/\/www.ccts.us.edu.pl\/pl\/wp-json\/wp\/v2\/posts\/547\/revisions"}],"predecessor-version":[{"id":557,"href":"https:\/\/www.ccts.us.edu.pl\/pl\/wp-json\/wp\/v2\/posts\/547\/revisions\/557"}],"wp:attachment":[{"href":"https:\/\/www.ccts.us.edu.pl\/pl\/wp-json\/wp\/v2\/media?parent=547"}],"wp:term":[{"taxonomy":"category","embeddable":true,"href":"https:\/\/www.ccts.us.edu.pl\/pl\/wp-json\/wp\/v2\/categories?post=547"},{"taxonomy":"post_tag","embeddable":true,"href":"https:\/\/www.ccts.us.edu.pl\/pl\/wp-json\/wp\/v2\/tags?post=547"}],"curies":[{"name":"wp","href":"https:\/\/api.w.org\/{rel}","templated":true}]}}